{"id":201,"date":"2012-12-31T15:15:50","date_gmt":"2012-12-31T14:15:50","guid":{"rendered":"http:\/\/www.vedharma.de\/newscast\/?p=172"},"modified":"2016-06-18T15:48:49","modified_gmt":"2016-06-18T13:48:49","slug":"willkommen-in-2013","status":"publish","type":"post","link":"http:\/\/www.jyotishi.de\/neu\/willkommen-in-2013\/","title":{"rendered":"Willkommen in 2013"},"content":{"rendered":"<p>Das neue Jahr hat begonnen. F\u00fcr das bevorstehende Jahr w\u00fcnsche ich alles Gute, viel Erfolg, Gl\u00fcck, Zufriedenheit und Gesundheit. M\u00f6gen alle Herausforderungen und Aufgaben gemeistert und positiv bew\u00e4ltigt werden.<\/p>\n<p>Zun\u00e4chst m\u00fcssen wir unsere Lebenslagen und Gegebenheiten nehmen wie sie  sind. Was wir dann \u00e4ndern k\u00f6nnen, sind unsere geistige Einstellung und Haltung. Zweifel an einem fortschrittlichen und gl\u00fccklichen Leben, bedeuten den Tod. Zweifel sind wie das vertrocknete Wurzelwerk des Lebens.<\/p>\n<p>Erwartungen sind machtvolle Ausl\u00f6ser f\u00fcr unser Gehirn. Positiv wie negativ. Wenn wir kontinuierlich annehmen, dass unser Leben ungl\u00fccklich oder erfolglos verl\u00e4uft und jeder noch so kleinen Niederlage, jedem Fehltritt, jeder Krise und Aufgabe mit Angst und Schonverhalten entgegnen, wirkt diese Haltung unweigerlich auf unser nat\u00fcrlich, spontanes und anstrengungsloses Erinnerungsverm\u00f6gen unserer Zellen und Neuronen.<\/p>\n<p>Unsere Erwartungen sollten nach vorne ausgerichtet sein. Weg von den inneren \u00c4ngsten und der Furcht des Zweifels. Dahin, was wir entdecken k\u00f6nnen, was wir sch\u00f6pferisch gestalten k\u00f6nnen. Andernfalls beeintr\u00e4chtigen wir unser Wachstumspotential und die F\u00e4higkeit des Lernens.<\/p>\n<p>Wir werden teilnahmslos, ersch\u00f6pft und ausgepowert. Warum gibt es wohl immer mehr Menschen mit Ersch\u00f6pfungszust\u00e4nden?<\/p>\n<p>Depressionen und Angstzust\u00e4nde hindern immer mehr Menschen daran, ihrer Aufgabe nachzugehen. Inzwischen sind die psychischen Erkrankungen der h\u00e4ufigste Grund f\u00fcr die Fr\u00fchverrentung von Erwerbst\u00e4tigen. Im Jahr 2011 wurden rund 41 Prozent der Antr\u00e4ge auf eine Erwerbsminderungsrente mit Depressionen, Angstzust\u00e4nden oder \u00e4hnlichem begr\u00fcndet, wie der &#8222;Welt am Sonntag&#8220; zufolge aus Daten der Deutschen Rentenversicherung hervorgeht. Im Jahr 2000 hat dieser Anteil bei 24 Prozent gelegen; bis 2010 war er auf 39 Prozent gestiegen. Zeitgleich steigt bedrohlich die Anzahl von Demenz-, und Alzheimerkranken. Das darf so nicht weitergehen und ein Wandel unserer Lebenseinstellung ist dringend notwendig. F\u00fcr jeden.<\/p>\n<p>&#8222;M\u00f6chtest du wissen, welche Deine Gedanken und Haltungen in der Vergangenheit waren, betrachte Deinen K\u00f6rper und Deine Realit\u00e4t von heute. M\u00f6chtest Du wissen, wie Dein K\u00f6rper und Deine Realit\u00e4t von morgen aussieht, betrachte Deine Gedanken und Haltungen von heute. Beachte stets gute Haltungen und Gewohnheiten. Sei achtsam mit Deinen Gedanken. Jede Zelle Deines K\u00f6rpers, jedes Neuron Deines Gehirns, lauscht auf Deine Impulse und schafft Deine Realit\u00e4t von morgen.&#8220;<\/p>\n<p>In diesem Sinne starten wir mit diesem Neujahrsanfang in ein spannendes Jahr und beginnen es mit den besten Vors\u00e4tzen f\u00fcr eine bessere Lebenszeit.<\/p>\n<p>Joachim F. Nusch (Ganusch)<\/p>\n<p>Meine Ansprache ist auch auf Youtube ver\u00f6ffentlicht unter:<\/p>\n<p><a href=\"http:\/\/www.youtube.com\/watch?v=pR-Whl2nVDw\">http:\/\/www.youtube.com\/watch?v=pR-Whl2nVDw <\/a><\/p>\n<p>Trendanalysen, Unternehmensberatung, Personalauswahl, Coaching, Mentoring, Talentscouting, Unternehmenskulturanalyse, Spirit in Business, Mentalhealthcare, Anti-Stessprogramme, Visionsarbeit, \u00f6kologisch, sozial, ethisch und holistische Dienstleistungen, B\u00f6rsen-, und Finanzastrologie<\/p>\n<p>www.vedharma.de<br \/>\nwww.jyotishi.de<br \/>\nshop.vedharma.de<br \/>\nmeditierstduschon.de<br \/>\nwww.joachim-nusch.de<\/p>\n","protected":false},"excerpt":{"rendered":"<p>Das neue Jahr hat begonnen. F\u00fcr das bevorstehende Jahr w\u00fcnsche ich alles Gute, viel Erfolg, Gl\u00fcck, Zufriedenheit und Gesundheit. M\u00f6gen alle Herausforderungen und Aufgaben gemeistert und positiv bew\u00e4ltigt werden. Zun\u00e4chst m\u00fcssen wir unsere Lebenslagen und Gegebenheiten nehmen wie sie sind. Was wir dann \u00e4ndern k\u00f6nnen, sind unsere geistige Einstellung und Haltung. Zweifel an einem fortschrittlichen [&hellip;]<\/p>\n","protected":false},"author":1,"featured_media":0,"comment_status":"closed","ping_status":"open","sticky":false,"template":"","format":"standard","meta":{"footnotes":""},"categories":[1,265,163,38,35,40,164,41,34],"tags":[194,195,196,45,197,198,199,200,201,202,185,203,204,205,52,206,207,117,208,209,210,211,102],"class_list":["post-201","post","type-post","status-publish","format-standard","hentry","category-allgemein","category-blog","category-gehirn","category-gesundheit","category-kalender","category-spiritualitat","category-transformation","category-trends","category-vedharma","tag-194","tag-alzheimer","tag-angst","tag-astrologie","tag-burnout","tag-demenz","tag-depressionen","tag-einstellungen","tag-erkrankungen","tag-erwerbsminderungsrente","tag-gehirn","tag-gesundheit","tag-haltungen","tag-hirnforschung","tag-jyotish","tag-kultur","tag-lohas","tag-nachhaltigkeit","tag-neujahr","tag-neujahrsansprache","tag-neuronen","tag-psyche","tag-trends"],"_links":{"self":[{"href":"http:\/\/www.jyotishi.de\/neu\/wp-json\/wp\/v2\/posts\/201","targetHints":{"allow":["GET"]}}],"collection":[{"href":"http:\/\/www.jyotishi.de\/neu\/wp-json\/wp\/v2\/posts"}],"about":[{"href":"http:\/\/www.jyotishi.de\/neu\/wp-json\/wp\/v2\/types\/post"}],"author":[{"embeddable":true,"href":"http:\/\/www.jyotishi.de\/neu\/wp-json\/wp\/v2\/users\/1"}],"replies":[{"embeddable":true,"href":"http:\/\/www.jyotishi.de\/neu\/wp-json\/wp\/v2\/comments?post=201"}],"version-history":[{"count":0,"href":"http:\/\/www.jyotishi.de\/neu\/wp-json\/wp\/v2\/posts\/201\/revisions"}],"wp:attachment":[{"href":"http:\/\/www.jyotishi.de\/neu\/wp-json\/wp\/v2\/media?parent=201"}],"wp:term":[{"taxonomy":"category","embeddable":true,"href":"http:\/\/www.jyotishi.de\/neu\/wp-json\/wp\/v2\/categories?post=201"},{"taxonomy":"post_tag","embeddable":true,"href":"http:\/\/www.jyotishi.de\/neu\/wp-json\/wp\/v2\/tags?post=201"}],"curies":[{"name":"wp","href":"https:\/\/api.w.org\/{rel}","templated":true}]}}