{"id":180,"date":"2011-11-30T10:00:49","date_gmt":"2011-11-30T09:00:49","guid":{"rendered":"http:\/\/www.vedharma.de\/newscast\/?p=109"},"modified":"2017-01-23T19:38:30","modified_gmt":"2017-01-23T18:38:30","slug":"wer-regiert-sollte-im-selbst-gegrundet-sein","status":"publish","type":"post","link":"http:\/\/www.jyotishi.de\/neu\/wer-regiert-sollte-im-selbst-gegrundet-sein\/","title":{"rendered":"Wer regiert, sollte im Selbst gegr\u00fcndet sein"},"content":{"rendered":"<p>&#8220;<\/p>\n<blockquote><p>Wer sich selbst regiert,<br \/>\nwas sollte der f\u00fcr Schwierigkeiten haben,<br \/>\nandere zu regieren?<br \/>\nWer sich nicht regieren kann,<br \/>\nwas geht den das Regieren von anderen an?&#8220;<br \/>\nKonfuzius<\/p>\n<p>&#8222;<\/p><\/blockquote>\n<blockquote><p>Jeder, der sein inneres Selbst nicht zu regieren wei\u00df, regierte gar zu gern des Nachbars Willen, dem eigenen stolzen Sinn gem\u00e4\u00df&#8220;<br \/>\nGoethe<\/p><\/blockquote>\n<p>&#8220;<\/p>\n<blockquote><p>Wer nicht im Sein gegr\u00fcndet, der wird von Sinnen, Stolz und Wunsch regiert. Wie soll er Zukunft, Hier und Jetzt gestalten und Weg f\u00fcr Ordnung, Koh\u00e4herenz und Liebe sein?&#8220;<br \/>\nGanusch<\/p><\/blockquote>\n<p>Im Mittelpunkt meiner Betrachtung steht das Thema des Weltklimagipfels in Durban, bei dem es um Leben und Tod in Afrika geht und die Weltfinanzmarktkriese, bei der es um den sozialen Frieden geht.<\/p>\n<p>Die Politik hat sich von inneren Werten, Nachhaltigkeit, Rechtschaffenheit und einem Leben im Einklang mit den Naturgesetzen verabschiedet.<\/p>\n<p>Die L\u00f6sung wird nur von einem Bewusstsein getragen, welches im Sein und Dharma gegr\u00fcndet ist, kosmisch und sch\u00f6pferisch im Handeln ausgerichtet ist und spontan im Einklang aller Naturgesetze gestaltet, aus dem Selbst und Sein heraus regiert.<\/p>\n","protected":false},"excerpt":{"rendered":"<p>&#8220; Wer sich selbst regiert, was sollte der f\u00fcr Schwierigkeiten haben, andere zu regieren? Wer sich nicht regieren kann, was geht den das Regieren von anderen an?&#8220; Konfuzius &#8222; Jeder, der sein inneres Selbst nicht zu regieren wei\u00df, regierte gar zu gern des Nachbars Willen, dem eigenen stolzen Sinn gem\u00e4\u00df&#8220; Goethe &#8220; Wer nicht im [&hellip;]<\/p>\n","protected":false},"author":1,"featured_media":0,"comment_status":"closed","ping_status":"open","sticky":false,"template":"","format":"standard","meta":{"footnotes":""},"categories":[1,265,40,41],"tags":[111,112,113,114,115,116,53,117,118,344,119,343],"class_list":["post-180","post","type-post","status-publish","format-standard","hentry","category-allgemein","category-blog","category-spiritualitat","category-trends","tag-okologie","tag-okonomie","tag-dharma","tag-durban","tag-frieden","tag-klimagipfel","tag-meditation","tag-nachhaltigkeit","tag-politik","tag-politiker","tag-regierung","tag-trump"],"_links":{"self":[{"href":"http:\/\/www.jyotishi.de\/neu\/wp-json\/wp\/v2\/posts\/180","targetHints":{"allow":["GET"]}}],"collection":[{"href":"http:\/\/www.jyotishi.de\/neu\/wp-json\/wp\/v2\/posts"}],"about":[{"href":"http:\/\/www.jyotishi.de\/neu\/wp-json\/wp\/v2\/types\/post"}],"author":[{"embeddable":true,"href":"http:\/\/www.jyotishi.de\/neu\/wp-json\/wp\/v2\/users\/1"}],"replies":[{"embeddable":true,"href":"http:\/\/www.jyotishi.de\/neu\/wp-json\/wp\/v2\/comments?post=180"}],"version-history":[{"count":0,"href":"http:\/\/www.jyotishi.de\/neu\/wp-json\/wp\/v2\/posts\/180\/revisions"}],"wp:attachment":[{"href":"http:\/\/www.jyotishi.de\/neu\/wp-json\/wp\/v2\/media?parent=180"}],"wp:term":[{"taxonomy":"category","embeddable":true,"href":"http:\/\/www.jyotishi.de\/neu\/wp-json\/wp\/v2\/categories?post=180"},{"taxonomy":"post_tag","embeddable":true,"href":"http:\/\/www.jyotishi.de\/neu\/wp-json\/wp\/v2\/tags?post=180"}],"curies":[{"name":"wp","href":"https:\/\/api.w.org\/{rel}","templated":true}]}}