{"id":167,"date":"2010-11-04T21:34:46","date_gmt":"2010-11-04T21:34:46","guid":{"rendered":"http:\/\/www.vedharma.de\/newscast\/?p=78"},"modified":"2016-06-18T16:10:59","modified_gmt":"2016-06-18T14:10:59","slug":"jupiter-lehrer-des-dharma","status":"publish","type":"post","link":"http:\/\/www.jyotishi.de\/neu\/jupiter-lehrer-des-dharma\/","title":{"rendered":"Jupiter, Lehrer des Dharma"},"content":{"rendered":"<p><a href=\"http:\/\/lh4.ggpht.com\/_-apCQPf0A0Q\/TNMl9AQQJII\/AAAAAAAAA0k\/xVXpCLUtypE\/s1600-h\/unendlichkeit_dharma%5B1%5D%5B2%5D.jpg\"><img loading=\"lazy\" decoding=\"async\" title=\"unendlichkeit_dharma[1]\" src=\"https:\/\/images-blogger-opensocial.googleusercontent.com\/gadgets\/proxy?url=http%3A%2F%2Flh6.ggpht.com%2F_-apCQPf0A0Q%2FTNMl-FyuTCI%2FAAAAAAAAA0o%2FGNwVbqvq8eM%2Funendlichkeit_dharma%255B1%255D_thumb.jpg%3Fimgmax%3D800&amp;container=blogger&amp;gadget=a&amp;rewriteMime=image%2F*\" alt=\"unendlichkeit_dharma[1]\" width=\"244\" height=\"191\" border=\"0\" data-blogger-escaped-style=\"border-right-width: 0px; display: inline; border-top-width: 0px; border-bottom-width: 0px; border-left-width: 0px\" data-orig-src=\"http:\/\/lh6.ggpht.com\/_-apCQPf0A0Q\/TNMl-FyuTCI\/AAAAAAAAA0o\/GNwVbqvq8eM\/unendlichkeit_dharma%5B1%5D_thumb.jpg?imgmax=800\" \/><\/a><\/p>\n<p>Am vergangenen Sonntag wurden um 3 Uhr MESZ in der Fr\u00fch die Uhren auf 2 Uhr MEZ zur\u00fcckgestellt. Damit wurde in Mitteleuropa die Sommerzeit beendet. Zeitgleich fand ein Transit von Jupiter f\u00fcr die kommenden 2 Monate statt. Zur\u00fcck in den Wassermann, dem Zeichen seines Falls, welches er im Mai zu unserer Freude und Erleichterung verlassen hatte. Diese laufenden 2 Monate, werden wichtig sein f\u00fcr die Weichenstellungen des kommenden Jahres 2011, was laut indischem Kalender morgen am 5. November zu Neumond mit dem <a href=\"http:\/\/www.vedharma.de\/index.php\/Diwali\" data-blogger-escaped-target=\"_blank\">Diwalifest<\/a>\u00a0 beginnt.<br \/>\nDazu unsere vorherigen Beitr\u00e4ge der Jahre <a href=\"http:\/\/www.vedharma.de\/newscast\/?p=39\" data-blogger-escaped-target=\"_blank\">2007<\/a>\u00a0 und\u00a0 <a href=\"http:\/\/www.vedharma.de\/newscast\/?p=47\" data-blogger-escaped-target=\"_blank\">2008<\/a>\u00a0 .<\/p>\n<p>Wurde die \u201eZeit des Aufschwungs\u201c wirklich nachhaltig genutzt, im Sinne des erforderlichen globalen Wertewandels?<\/p>\n<p>In einem ganz umfassenden Sinn, m\u00f6chte die vedische Lehre dem Mensch Orientierung geben, dem Einzelnen seinen individuellen Ort zuweisen, in Familie, Gesellschaft und Kosmos. Menschliches Denken und Handeln wird r\u00fcckgebunden \u00fcber dieses Leben hinaus, an den Dharma, die moralische und universelle Ordnung, an das gro\u00dfe Ganze. \u201eSanatana Dharma\u201c, das allumfassenden kosmische Ordnungsprinzip, an das alle Wesen die Verpflichtung haben sich zu halten, um so in Harmonie mit den Gesetzen der Natur zu leben.<\/p>\n<p>In der vedischen Astrologie, bezeichnet man die Lebensbereiche im Horoskop die, als 1., 5., und 9. Haus bestimmt werden, als Entwicklungsh\u00e4user. Sie werden als Dharmah\u00e4user angesehen, die mit dem Wirken in der \u00e4u\u00dferen Welt verbunden sind und das eigene pers\u00f6nliche Dharma (Sva-Dharma) aufzeigen. Sie zeigen uns wer wir sind (erstes Haus), unsere Kreativit\u00e4t (f\u00fcnftes Haus), unsere Ideale, Werte und Prinzipien nach denen wir in diesem Leben streben (9. Haus)<\/p>\n<p>In den vedischen Wissenschaften bringen wir mit dem Begriff \u201eParamatman\u201c dem H\u00f6chsten Selbst, Purusha oder Atman, die Sonne (Surya) in Beziehung. Sie symbolisiert das h\u00f6chste Dharma (Sanatana Dharma).<\/p>\n<p>Im Monat November ist die Sonne, die als leuchtendes Licht und Orientierung f\u00fcr das Dharma\u00a0 steht, schw\u00e4chlich. Sie wirkt in den n\u00f6rdlichen Breiten unseres Erdballs mit ihrer im Sommer w\u00e4rmenden Kraft nur k\u00fcmmerlich. Macht, Prestige, Einflussbereich, Selbstwertgef\u00fchl, Kraft sind Eigenschaften der Sonne, die im November sp\u00e4rlich sind und eine Zeit f\u00fcr manchen zu Depressionen und \u00c4ngsten f\u00fchrt.<\/p>\n<p>Wenn unsere Lebenserfahrungen (Aszendent) in Harmonie mit den Absichten unserer Seele sind (Sonne), erleben wir die Welt als positiv. Ein best\u00e4ndiges Gef\u00fchlserlebnis des Friedens und innerer\u00a0 Ausgeglichenheit (Mond) begleitet unseren Lebensweg. Im Umkehrschluss bedeutet das nat\u00fcrlich, wenn unsere Erfahrungen nicht in Harmonie sind, gibt es Stress, Schmerzen, Unruhe und bedr\u00fcckende Lebenssituationen.<\/p>\n<p>Seit nunmehr 2 Wochen befindet sich die Sonne im Zeichen ihrer Schw\u00e4che, der Waage. Bis zum 16. November ist die Sonne ihrer inneren Kraft beraubt und entkr\u00e4ftet. Anstatt unserer inneren Selbstbestimmtheit und unserem pers\u00f6nlichen Wertesystems zu folgen, versuchen wir eine \u00dcbereinstimmung mit der tiefen Wahrheit unserer Seele zu erlangen. Ein schwieriges Wagnis w\u00e4hrend der herbstlichen Zeitspanne.<\/p>\n<p>Handeln im Einklang mit der Wahrhaftigkeit unserer Seele, ohne die notwendige Best\u00e4tigung von anderen f\u00fcr unser Handeln im Vorfeld einzuholen. Agieren ohne um die Anerkenntnis unserer Handlungs-, und Entscheidungsgrunds\u00e4tze zu bitten, nur damit wir von unserem sozialen Umfeld geliebt werden oder bewundert werden.<\/p>\n<p>Eine starke und erhabene Sonne gibt uns Vertrauen, Klarheit und Integrit\u00e4t, um unserer eigenen inneren F\u00fchrung zu folgen.<\/p>\n<p>Folge deinem Gl\u00fcck<\/p>\n<p>Ja, der Sch\u00f6pfer in seiner unendlichen Gro\u00dfz\u00fcgigkeit hat es uns leicht gemacht. Er hat die Welt so<br \/>\nangelegt, dass wir nur tun m\u00fcssen, was uns gl\u00fccklich macht: Schon handeln wir im Einklang mit<br \/>\ndem Kosmos und mit uns selbst. Und das f\u00fchrt uns zum Erfolg.<\/p>\n<p>Anders gesagt: Mutter Natur hat kein Interesse daran, ihre Kinder k\u00e4mpfen oder leiden zu sehen.<br \/>\nDeshalb: Wenn wir gl\u00fccklich sind, stimmt die Richtung! Dann sind wir intuitiv auf dem richtigen<br \/>\nWeg. Wenn nicht, sollten wir schleunigst den Kurs wechseln.<\/p>\n<p>Gro\u00dfe Seelen haben Aufgaben; kleine haben W\u00fcnsche.<br \/>\nWASHINGTON IRVINC;, AMERIKANISCHER SCHRIFTSTELLER (1783-1859)<\/p>\n<p>&nbsp;<\/p>\n<p><a href=\"http:\/\/lh6.ggpht.com\/_-apCQPf0A0Q\/TNMmAqWY12I\/AAAAAAAAA0s\/TWKoWu1SXRs\/s1600-h\/november%5B2%5D%5B2%5D.jpg\"><img loading=\"lazy\" decoding=\"async\" title=\"november[2]\" src=\"https:\/\/images-blogger-opensocial.googleusercontent.com\/gadgets\/proxy?url=http%3A%2F%2Flh4.ggpht.com%2F_-apCQPf0A0Q%2FTNMmCNR8pUI%2FAAAAAAAAA0w%2Ft4TiR826Htc%2Fnovember%255B2%255D_thumb.jpg%3Fimgmax%3D800&amp;container=blogger&amp;gadget=a&amp;rewriteMime=image%2F*\" alt=\"november[2]\" width=\"244\" height=\"180\" border=\"0\" data-blogger-escaped-style=\"border-right-width: 0px; display: inline; border-top-width: 0px; border-bottom-width: 0px; border-left-width: 0px\" data-orig-src=\"http:\/\/lh4.ggpht.com\/_-apCQPf0A0Q\/TNMmCNR8pUI\/AAAAAAAAA0w\/t4TiR826Htc\/november%5B2%5D_thumb.jpg?imgmax=800\" \/><\/a><\/p>\n<p>&nbsp;<\/p>\n<p>Der neblig-tr\u00fcbe November gilt als die Zeit der Depressionen. Menschen sind antriebs\u00e4rmer und m\u00fcder, wenn die Tage k\u00fcrzer und k\u00e4lter werden. Das ist aber eine nat\u00fcrliche Reaktion wenn die Sonne, die als Energiespenderin an Kraft einb\u00fc\u00dft. Depressionen treten im November aber nur bei einer bestimmten Personengruppe auf, die auf Lichtmangel besonders anf\u00e4llig ist. Bei ihnen ist im Horoskop\u00a0 eindeutig erkennbar die Sonne ung\u00fcnstig gestellt.<\/p>\n<p>Betroffene Leser achten also in den kommenden 2 Wochen unbedingt auf ein positives Selbstwertgef\u00fchl und lassen sich nicht t\u00e4uschen von der fehlenden Lichtqualit\u00e4t der Sonne. Mehr als in den lichtreichen Monaten, tut Bewegung an der frische Luft gut.<\/p>\n<p>Die sogenannte Winter- oder Lichtmangeldepression \u2013 auch saisonal abh\u00e4ngige Depression (SAD) genannt \u2013 ist seit alters her bekannt. Nun hat die Washington University School of Medicine wissenschaftlich belegt, dass es\u00a0 einen deutlichen Zusammenhang gibt zwischen Vitamin-D-Mangel und gedr\u00fcckter Stimmung.<\/p>\n<p>Der lebenswichtige Vitalstoff kann nur durch ausreichend kurzwellige UVB-Strahlen gebildet werden, die direkt auf die Haut treffen. Er \u00fcbernimmt f\u00fcr den K\u00f6rper die Funktion eines Prohormons und wird \u00fcber eine Zwischenstufe zu dem Hormon Calcitriol umgewandelt. Die wichtigste Funktion ist die Regulierung des Knochenstoffwechsels. So steigert es bei der Aufnahme von Kalzium aus dem Darm u. a. die Aktivit\u00e4t kalziumbindender Transportproteine im Darm, und die der knochenaufbauenden Zellen im Knochengewebe. Au\u00dferdem ist es beteiligt an der Steuerung des Phosphatstoffwechsels, steuert die Insulinaussch\u00fcttung und hat deutlich krebshemmende Eigenschaften. J\u00fcngste Untersuchungen deuten sogar darauf hin, dass Vitamin-D-Mangel an der Entstehung von Herzkrankheiten beteiligt sein kann.<\/p>\n<p><a href=\"http:\/\/lh3.ggpht.com\/_-apCQPf0A0Q\/TNMmDGZ_QlI\/AAAAAAAAA00\/eY52bNYtGr4\/s1600-h\/meditationw001%5B2%5D%5B2%5D.jpg\"><img loading=\"lazy\" decoding=\"async\" title=\"meditationw001[2]\" src=\"https:\/\/images-blogger-opensocial.googleusercontent.com\/gadgets\/proxy?url=http%3A%2F%2Flh3.ggpht.com%2F_-apCQPf0A0Q%2FTNMmD7vso-I%2FAAAAAAAAA04%2F6D3Tii9_YA8%2Fmeditationw001%255B2%255D_thumb.jpg%3Fimgmax%3D800&amp;container=blogger&amp;gadget=a&amp;rewriteMime=image%2F*\" alt=\"meditationw001[2]\" width=\"192\" height=\"244\" border=\"0\" data-blogger-escaped-style=\"border-right-width: 0px; display: inline; border-top-width: 0px; border-bottom-width: 0px; border-left-width: 0px\" data-orig-src=\"http:\/\/lh3.ggpht.com\/_-apCQPf0A0Q\/TNMmD7vso-I\/AAAAAAAAA04\/6D3Tii9_YA8\/meditationw001%5B2%5D_thumb.jpg?imgmax=800\" \/><\/a><\/p>\n<p>Wir empfehlen neben frischer Luft, ausreichend Tageslicht, Yoga und Meditation zum Ausgleich des <a href=\"http:\/\/www.vedharma.de\/shop\/product.php?id_product=10\" data-blogger-escaped-target=\"_blank\">Vitamin D<\/a> Mangels in der Winterzeit als Ern\u00e4hrungserg\u00e4nzung<\/p>\n<p>Vitamin D <a href=\"http:\/\/www.vedharma.de\/shop\/product.php?id_product=10\" data-blogger-escaped-target=\"_blank\">Hier im Shop erh\u00e4ltlich<\/a><\/p>\n<p>Zeitgleich mit der abnehmenden Sonnenkraft und dem Jupitertransit der letzten Tage beobachten wir global eine Reihe von unerfreulichen Begebenheiten, die wir den Nachrichteninhalten entnehmen k\u00f6nnen.<\/p>\n<p>Tsunami in Indonesien, Erdbeben, der indonesische Vulkan Merapi kommt nicht zur Ruhe, Terror, Blutbad in Honduras und Bagdad, Unfallgefahr, Bombenpackete, pl\u00f6tzlich auftretender Krater in Th\u00fcringen, Niederlage von Obama bei den Kongresswahlen in den USA u.\u00e4.<\/p>\n<p>Dies m\u00f6chte ich wie folgt zu erkl\u00e4ren:<\/p>\n<p>Wenn Jupiter f\u00fcr Expansion steht, so ist im Zeichen seiner Schw\u00e4che, was von Saturn beherrscht wird, mit dem Gegenteil von Expansion zu rechnen, \u201eR\u00fcckschritt\u201c und \u201eStagnation\u201c.<\/p>\n<p>Der Planet Jupiter wird in seiner Eigenschaft als Lehrer (Guru) universellen Wissens verstanden. Er lehrt den \u201eVeda\u201c und verf\u00fcgt \u00fcber die Kenntnis des spirituellen Wegs: Wahrheit, Rechtschaffenheit, Nachhaltigkeit, G\u00fcte und Gerechtigkeit. In den kommenden 2 Monaten ist er wieder geschw\u00e4cht, wie zu der Zeit der gro\u00dfen Finanzkrise. Das bedeutet, dass Geduld und Interesse verloren gehen, notwendige nachhaltige Reformma\u00dfnahmen konsequent umzusetzen. So gibt es z.B.in Deutschland den \u201eAusstieg aus dem Atomausstieg\u201c und die amerikanischen Republikaner werden nun noch mehr die dringend erforderliche Klimareform verz\u00f6gern und die Finanzm\u00e4rkte mit billiger Liquidit\u00e4t versorgen und einen tr\u00fcgerischen Aufschwung, ohne Nachhaltigkeit und Stabilit\u00e4t vorantreiben. Wer aber mit offenen Ohren die Presse verfolgt und zwischen den Zeilen lesen kann, erkennt hinter allem eine m\u00e4chtige Kraft, die letztendlich alles ins positive Lot bringen wird und die Gesellschaft in ruhigere Bahnen lenken wird.<\/p>\n<p>Als Vertreter des Lichts, des g\u00f6ttlichen Gesetzes und der Vergegenw\u00e4rtigung h\u00f6herer Bildung, (Veda) ist Jupiter dem \u201eDharma\u201c zugeordnet. So nennt man ihn auch \u201eBrihaspati\u201c, der Lehrer der G\u00f6tter. Er ist dem Licht, der Aufkl\u00e4rung und Erhellung, dem \u201eSat\u201c verbunden.\u00a0 Hier sehen wir bis Dezember eine weitere wichtige Komponente, die geschw\u00e4cht und in ihrer positiven Wirkkraft reduziert ist.<\/p>\n<p>Wahrheit hei\u00dft in Sanskrit \u201eSatya \u201c. Satya wird abgeleitet vom Wort \u201eSat\u201c, dem Sein, was ein Merkmal von Purusha oder Atman ist, dem g\u00f6ttlichen Selbst, unmanifestiertes, reines Bewusstsein.<br \/>\nEs ist das Urfeld aller Materie und Kraftfelder des Universums, was oft als <a href=\"http:\/\/www.vedharma.de\/index.php\/Einheitliche_Feldtheorie\" data-blogger-escaped-target=\"_blank\">\u201evereinheitlichtes Feld\u201c oder einheitliches Feld zusammengefasst<\/a> wird . (Superstringtheorie)<\/p>\n<p>Die Naturwissenschaft war von Anfang an bem\u00fcht, eine &#8222;Urformel&#8220;, wie Einstein es ausdr\u00fcckte, zu entwickeln, mit deren Hilfe alle Ph\u00e4nomene der Natur beschrieben werden k\u00f6nnen. Gerade in den letzten Jahren kam die theoretische Physik diesem Ziel durch die Ausarbeitung der <a href=\"http:\/\/www.vedharma.de\/index.php\/Einheitliche_Feldtheorie\" data-blogger-escaped-target=\"_blank\">&#8222;Einheitlichen Feldtheorien&#8220;<\/a> (Superstringtheorie) n\u00e4her. Sie beschreiben die als Grundlage aller gesetzm\u00e4\u00dfig ablaufenden Prozesse und Manifestationen in der Natur, das in sich die daf\u00fcr notwendige unendliche Energie und Intelligenz beinhaltet. In der jahrtausendealten vedischen Wissenschaft wird dieses Feld* zugleich als der Grundzustand des menschlichen Bewusstseins beschrieben. (*in Sanskrit Purusha genannt)<br \/>\nDieser Grundzustand des Bewusstseins enth\u00e4lt in Samenform die verschiedenen Qualit\u00e4ten reiner Intelligenz &#8211; die Naturgesetze &#8211; die f\u00fcr den Aufbau der verschiedenen Strukturen des Universums verantwortlich sind. Diese grundlegende Intelligenzebene wird als &#8222;Veda&#8220; bezeichnet. Die verschiedenen Qualit\u00e4ten der Intelligenz (Intelligenzmuster) wurden in der vedischen Literatur ausgearbeitet.<\/p>\n<p>&#8222;Veda&#8220; was von der Sanskritsprachwurzel \u201eVid=Wissen\u201c abgeleitet wird, bedeutet &#8222;reines Wissen&#8220;. Dieses Wissen wird auch als &#8222;Apaurusheya&#8220; bezeichnet, d.h. nicht vom Menschen geschaffen. Der Veda ist der Plan der Sch\u00f6pfung, er enth\u00e4lt in Samenform alle Naturgesetze und ist sozusagen die das &#8222;Grundgesetz des Universums&#8220;.\u00a0 Hierbei handelt es sich nicht um ein menschliches Konzept, es ist kein Modell des menschlichen Verstandes. Frei von jeglicher Konditionierung oder Zuordnung menschlicher Referenzsysteme. Es hat seine selbsttragende Realit\u00e4t, jenseits der Worte oder menschlicher Erkl\u00e4rungsmodelle.<\/p>\n<p>Versuchen wir nun das Wort&#8220; Apaurusheya &#8220; zu definieren. Beachten wir zun\u00e4chst einmal zwei Einzelheiten, die in Sanskrit sehr detailliert betrachtet werden:<\/p>\n<p>&#8222;A&#8220; und &#8222;Paurusheya&#8220;.<\/p>\n<p>&#8222;A&#8220; ist eine Silbe &#8222;Aaa&#8220;. Hier handelt es sich im Klang der Stille bereist um die N\u00e4he zu Purusha zu\u00a0 &#8222;Paurusheya&#8220;. Das Wort &#8222;Purusha&#8220; bedeutet Schweigen, v\u00f6llige Stille. Es ist aber mehr als einfach nur Stille ohne zu Reden oder zu Denken. Es ist eine Stille, ohne sinnliche Wahrnehmung.<\/p>\n<p>Also &#8222;A&#8220; ist ein stiller, in sich ruhender Klang.<\/p>\n<p>&#8222;A-paurusheya&#8220;: das Wort im Sinne der Sanskrit\u00fcbersetzung bedeutet so viel wie die zugrundliegende\u00a0 ewige Struktur und Beschaffenheit des Universums.<\/p>\n<p>&#8222;Nitya&#8220; und &#8222;Apaurusheya&#8220;- der kosmische Kodex, der f\u00fcr alle Richtlinien, Prozesse und verf\u00fcgbaren Ressourcen im Universum ewig, unver\u00e4nderlich und ohne Beschr\u00e4nkungen zust\u00e4ndig ist. Das st\u00e4ndig expandierende Universum, welches ewigw\u00e4hrend und unverg\u00e4nlich, &#8222;Nitya und &#8222;Apaurusheya&#8220; ist.<\/p>\n<p>In der vedischen Philosophie gibt es eine Reihe von Erl\u00e4uterungen, die Dharma beschreiben.\u00a0 Sprechen wir von dem oben genannten kosmischen Kodex, so ist damit zweifelsohne der \u201eSanatana Dharma\u201c gemeint.<\/p>\n<p>So ist Dharma ein ganz zentraler Begriff der indischen Weltanschauung, der in drei unterschiedliche Arten differenziert wird:<\/p>\n<p>1.\u00a0\u00a0\u00a0 Sanatana-Dharma<br \/>\n2.\u00a0\u00a0\u00a0 Yuga-Dharma<br \/>\n3.\u00a0\u00a0\u00a0 Sva- Dharma<\/p>\n<p>Wie wir bereits vorab erfahren haben, steht der \u201eSanatana-Dharma\u201c f\u00fcr das ewige Gesetz. Ein allumfassendes Gebot der Weisheit, des Rechts, durchdringend, vereinend, integrierend und zusammenhaltend aller Welten und Wesen.<\/p>\n<p>Die Sprachwurzel des Wortes Dharma geht auf den Ursprung von \u201eDHR\u201c zur\u00fcck. \u201eDas, was die Welt im innersten zusammenh\u00e4lt\u201c (Goethes Faust). Damit sind die innewohnenden Naturgesetze gemeint, die alles Leben, Wirken und Entstehen auf chemischen, physischen und feinstofflichen Sch\u00f6pfungsebenen verwalten, zu denen auch die psychischen und geistigen Stufen geh\u00f6ren.<br \/>\nAlles was lebendig und geschaffen ist, wird von Dharma durchdrungen, quer durch alles, was sich offenbart und besteht. Horizontal und vertikal, fein-stofflich und grob-stofflich.<\/p>\n<p>Die meisten \u00f6stlichen Weisheitstraditionen lehren, dass wir trotz der scheinbaren Trennung von einander, alle Teil eines grenzenlosen Intelligenzfelds sind. Der chinesische Weise Lao Tzu beschreibt das Feld in seinem wundersch\u00f6nen Werk, dem Tao Te Ching wie folgt:<br \/>\n\u201eDa war etwas formloses und vollkommenes bevor das Universum geboren wurde. Es ist ruhig.. grenzenlos.. ewig.. gegenw\u00e4rtig. Es ist die Mutter des Universums. Weil mir kein besserer Name einf\u00e4llt, nenne ich es das Tao.\u201c<br \/>\n&#8222;Tat Twam Asi&#8220;: (Chandogya Upanishad 6.8.7,) &#8222;Du bist das, dies ist das, all dies ist das!&#8220; Brahman, die utlimative Realit\u00e4t. Die Chandogya Upanishad beschreibt im Beispiel des Feigenbaums die Quelle allen Seins wie folgt: <a href=\"http:\/\/www.vedharma.de\/vedharma\/index.php\/veda\/50-upanishaden\/460-feigenbaumsame.html\" data-blogger-escaped-target=\"_blank\">Bitte hier weiterlesen<\/a><\/p>\n<p>Yuga-Dharma<\/p>\n<p>Das Yuga-Dharma beschreibt eine l\u00e4ngere Epoche, die auch mit Weltalter \u00fcbersetzt werden kann. Hierbei handelt es sich um sehr lange Zeitr\u00e4ume, die jede menschliche und kulturelle \u00c4ra \u00fcberdauern. Es ist eine Periode, in der gewisse Aspekte des Sanatana- Dharma eine besondere Wichtigkeit f\u00fcr das Leben der Menschen haben. Sie reichen von Ordnung, Stabilit\u00e4t, Frieden, Wohlstand, Weisheit und Erkenntnis bis hin zu Dunkelheit, Starrheit, Ignoranz, h\u00f6chstem Materialismus, Krieg und Terror.<\/p>\n<p>Insgesamt gibt es vier solcher Yugas oder Zeitalter, auf die die alten Schriften des Rig Vedas oder der Surya Siddhanta hinweisen, mit jeweils anderen oder spezifischen allgemein g\u00fcltigen Gesetzm\u00e4\u00dfigkeiten, die ihre Wurzeln f\u00fcr menschliches Verhalten und Kulturepochen im Sanatana-Dharma haben.<\/p>\n<p>Diese gro\u00dfen Weltzeitalter werden in folgende Phasen unterteilt:<\/p>\n<p>Krita oder Sat Yuga = 1.728.000 Menschenjahre.<br \/>\nTreta Yuga = 1.296.000 Menschenjahre (drei Viertel des Krita-Yuga).<br \/>\nDvapara Yuga = 864.000 Menschenjahre (zwei Viertel des Krita Yuga).<br \/>\nKali Yuga = 432.000 Menschenjahre (ein Viertel des Krita Yuga).<\/p>\n<p>Dies Summe dieser Yugas ergibt 4.320.000 Jahre und wird ein \u201eKalpa\u201c genannt. Kalpa ist nach der vedisch mathematischen Zeitberechnung auch ein Tag Brahmas, der einen Zeitraum von 4.320 Millionen Jahren umfasst und an dessen Ende die Aufl\u00f6sung der ganzen Sch\u00f6pfung erfolgen soll.<\/p>\n<p>Nach indischer Auffassung, befinden wir uns zur Zeit am Ende des Kali-Yuga, indem das Sanatana- Dharma nur als kleiner Same vorhanden ist. Die Grenze zum Dvapara-Yuga, dem aufsteigenden Zeitalter des Lichts, wird augenblicklich in unserer Generation erreicht.<\/p>\n<p>Sva-Dharma<\/p>\n<p>Wie wird das Dharma im pers\u00f6nlichen Leben umgesetzt? Darum geht es, im Sva-Dharma, was richtungsweisend ist f\u00fcr das individuelle und allt\u00e4gliche Leben. Wir erfahren unser intimes Naturgesetz. Vertraulich g\u00fcltig, ur-individuell wirkt der Sanatana-Dharma in unserem pers\u00f6nlichen Leben. Er h\u00e4lt uns auf dem rechten Pfad, f\u00fchrt uns zu einem Leben im Einklang mit den Naturgesetzen, selbstbestimmt und im bestm\u00f6glichen Fall in jeder Lebenssituation\u00a0 richtiges Handeln zu erm\u00f6glichen.<\/p>\n<p>Im Gegenteil davon, bedeutet das Handeln eines Menschen oder einer Kultur, was nicht im Einklang mit dem \u201eSanatana-Dharma\u201c steht im Extremfall \u201eAdharma\u201c.<\/p>\n<p>\u201eAdharma\u201c dr\u00fcckt sich aus durch Gesetzlosigkeit, Zerst\u00f6rungsdrang, unheilbringender Wirkung und in der Umgebung, zu sich selbst, zu seiner sozialen, kulturellen, \u00f6konomischen und \u00f6kologischen Umgebung. Hier dr\u00fcckt sich die absolute Verneinung aus, von allem was dem Licht verpflichtet ist, was sch\u00f6n, gut und g\u00f6ttlich ist. Ein Zustand tiefster, innerlicher Umnachtung und Unwissenheit. Das Gegenteil von Erleuchtung.<\/p>\n<p>H\u00f6ren wir also in den n\u00e4chsten Monaten mehr auf unsere innere Stimme und Vertrauen auf die Gesetze des Lichts, die im kommenden Jahr potenziell auf allen Ebenen unseres Lebens neue und positive Akzente setzen werden.<\/p>\n<p><a href=\"http:\/\/www.vedharma.de\/\">www.vedharma.de<\/a><\/p>\n<p><a href=\"http:\/\/www.jyotishi.de\/\">www.jyotishi.de<\/a><\/p>\n<div id=\"scid:0767317B-992E-4b12-91E0-4F059A8CECA8:a43d11c1-f52a-4a71-8e0f-4bb241753325\" class=\"wlWriterEditableSmartContent\" data-blogger-escaped-style=\"padding-bottom: 0px; margin: 0px; padding-left: 0px; padding-right: 0px; display: inline; float: none; padding-top: 0px\">\n<p>Technorati-Tags: <a href=\"http:\/\/technorati.com\/tags\/Dharmavidya\" rel=\"tag\">Dharmavidya<\/a>,<a href=\"http:\/\/technorati.com\/tags\/Dharma\" rel=\"tag\">Dharma<\/a>,<a href=\"http:\/\/technorati.com\/tags\/Atma+Vidya\" rel=\"tag\">Atma Vidya<\/a>,<a href=\"http:\/\/technorati.com\/tags\/Sanskrit\" rel=\"tag\">Sanskrit<\/a>,<a href=\"http:\/\/technorati.com\/tags\/Veda\" rel=\"tag\">Veda<\/a>,<a href=\"http:\/\/technorati.com\/tags\/Ayurveda\" rel=\"tag\">Ayurveda<\/a>,<a href=\"http:\/\/technorati.com\/tags\/Ayurvedahoroskop\" rel=\"tag\">Ayurvedahoroskop<\/a>,<a href=\"http:\/\/technorati.com\/tags\/Meditation\" rel=\"tag\">Meditation<\/a>,<a href=\"http:\/\/technorati.com\/tags\/Yogahoroskop\" rel=\"tag\">Yogahoroskop<\/a>,<a href=\"http:\/\/technorati.com\/tags\/Yoga\" rel=\"tag\">Yoga<\/a>,<a href=\"http:\/\/technorati.com\/tags\/Vedanta\" rel=\"tag\">Vedanta<\/a>,<a href=\"http:\/\/technorati.com\/tags\/Advaita\" rel=\"tag\">Advaita<\/a>,<a href=\"http:\/\/technorati.com\/tags\/Samkhya\" rel=\"tag\">Samkhya<\/a>,<a href=\"http:\/\/technorati.com\/tags\/Vaastu\" rel=\"tag\">Vaastu<\/a>,<a href=\"http:\/\/technorati.com\/tags\/Mondkalender\" rel=\"tag\">Mondkalender<\/a>,<a href=\"http:\/\/technorati.com\/tags\/Yuga\" rel=\"tag\">Yuga<\/a>,<a href=\"http:\/\/technorati.com\/tags\/Jupiter\" rel=\"tag\">Jupiter<\/a>,<a href=\"http:\/\/technorati.com\/tags\/Brihaspati\" rel=\"tag\">Brihaspati<\/a>,<a href=\"http:\/\/technorati.com\/tags\/Diwali\" rel=\"tag\">Diwali<\/a>,<a href=\"http:\/\/technorati.com\/tags\/Sanatana-Dharma\" rel=\"tag\">Sanatana-Dharma<\/a>,<a href=\"http:\/\/technorati.com\/tags\/Adharma\" rel=\"tag\">Adharma<\/a>,<a href=\"http:\/\/technorati.com\/tags\/Sva-Dharma\" rel=\"tag\">Sva-Dharma<\/a>,<a href=\"http:\/\/technorati.com\/tags\/Karma+horoskop+Horoskop\" rel=\"tag\">Karma horoskop Horoskop<\/a>,<a href=\"http:\/\/technorati.com\/tags\/Erleuchtung\" rel=\"tag\">Erleuchtung<\/a>,<a href=\"http:\/\/technorati.com\/tags\/Moksha\" rel=\"tag\">Moksha<\/a>,<a href=\"http:\/\/technorati.com\/tags\/Bhava\" rel=\"tag\">Bhava<\/a>,<a href=\"http:\/\/technorati.com\/tags\/Astrologie\" rel=\"tag\">Astrologie<\/a>,<a href=\"http:\/\/technorati.com\/tags\/Jyotish\" rel=\"tag\">Jyotish<\/a>,<a href=\"http:\/\/technorati.com\/tags\/Jyotisha\" rel=\"tag\">Jyotisha<\/a>,<a href=\"http:\/\/technorati.com\/tags\/Jyoti\" rel=\"tag\">Jyoti<\/a><\/p>\n<\/div>\n","protected":false},"excerpt":{"rendered":"<p>Am vergangenen Sonntag wurden um 3 Uhr MESZ in der Fr\u00fch die Uhren auf 2 Uhr MEZ zur\u00fcckgestellt. Damit wurde in Mitteleuropa die Sommerzeit beendet. Zeitgleich fand ein Transit von Jupiter f\u00fcr die kommenden 2 Monate statt. Zur\u00fcck in den Wassermann, dem Zeichen seines Falls, welches er im Mai zu unserer Freude und Erleichterung verlassen [&hellip;]<\/p>\n","protected":false},"author":1,"featured_media":0,"comment_status":"closed","ping_status":"open","sticky":false,"template":"","format":"standard","meta":{"footnotes":""},"categories":[46,265,63,13],"tags":[],"class_list":["post-167","post","type-post","status-publish","format-standard","hentry","category-astrologie","category-blog","category-jyotish","category-vedische-astrologie"],"_links":{"self":[{"href":"http:\/\/www.jyotishi.de\/neu\/wp-json\/wp\/v2\/posts\/167","targetHints":{"allow":["GET"]}}],"collection":[{"href":"http:\/\/www.jyotishi.de\/neu\/wp-json\/wp\/v2\/posts"}],"about":[{"href":"http:\/\/www.jyotishi.de\/neu\/wp-json\/wp\/v2\/types\/post"}],"author":[{"embeddable":true,"href":"http:\/\/www.jyotishi.de\/neu\/wp-json\/wp\/v2\/users\/1"}],"replies":[{"embeddable":true,"href":"http:\/\/www.jyotishi.de\/neu\/wp-json\/wp\/v2\/comments?post=167"}],"version-history":[{"count":0,"href":"http:\/\/www.jyotishi.de\/neu\/wp-json\/wp\/v2\/posts\/167\/revisions"}],"wp:attachment":[{"href":"http:\/\/www.jyotishi.de\/neu\/wp-json\/wp\/v2\/media?parent=167"}],"wp:term":[{"taxonomy":"category","embeddable":true,"href":"http:\/\/www.jyotishi.de\/neu\/wp-json\/wp\/v2\/categories?post=167"},{"taxonomy":"post_tag","embeddable":true,"href":"http:\/\/www.jyotishi.de\/neu\/wp-json\/wp\/v2\/tags?post=167"}],"curies":[{"name":"wp","href":"https:\/\/api.w.org\/{rel}","templated":true}]}}